{"id":4219,"date":"2025-09-25T15:26:12","date_gmt":"2025-09-25T13:26:12","guid":{"rendered":"https:\/\/hurni-gruppe.ch\/?p=4219"},"modified":"2025-09-25T16:08:48","modified_gmt":"2025-09-25T14:08:48","slug":"hurni-au-salon-industriel-de-chouchignies","status":"publish","type":"post","link":"https:\/\/hurni-gruppe.ch\/fr\/hurni-au-salon-industriel-de-chouchignies\/","title":{"rendered":"Hurni au salon industriel de Chouchignies"},"content":{"rendered":"\n<h2 class=\"wp-block-heading\">Hurni au salon industriel de Chouchignies<\/h2>\n\n\n\n<div class=\"wp-block-columns is-layout-flex wp-container-core-columns-is-layout-9d6595d7 wp-block-columns-is-layout-flex\">\n<div class=\"wp-block-column is-layout-flow wp-block-column-is-layout-flow\">\n<p>L&rsquo;entreprise Hurni \u00e9tait repr\u00e9sent\u00e9e par deux stands au salon industriel de Chouchignies. L&rsquo;objectif \u00e9tait de rapprocher ses propres projets et prestations \u00e0 un large public et en m\u00eame temps d&rsquo;informer sur les sujets d&rsquo;actualit\u00e9 dans le Seeland.<\/p>\n\n\n\n<p>L&rsquo;accent a \u00e9t\u00e9 mis sur la question de savoir comment les pr\u00e9cieuses terres agricoles peuvent \u00eatre prot\u00e9g\u00e9es et pr\u00e9serv\u00e9es \u00e0 long terme. \u00c0 l&rsquo;aide de couches de terre r\u00e9elles, les visiteurs et visiteuses ont acquis des aper\u00e7us passionnants sur les d\u00e9fis et les m\u00e9thodes utilis\u00e9es pour assurer la fertilit\u00e9 des sols.<\/p>\n\n\n\n<p>Un jeu de pistes pour petits et grands a travers\u00e9 la halle d&rsquo;exposition et a combin\u00e9 transfert de connaissances et divertissement. \u00c0 l&rsquo;ext\u00e9rieur, les invit\u00e9s ont \u00e9galement pu tester leurs comp\u00e9tences sur la pelleteuse. En outre, Hurni a pr\u00e9sent\u00e9 divers mat\u00e9riaux recyclables, tels que du tout-venant, du gravillon RC et des granul\u00e9s de b\u00e9ton.<\/p>\n\n\n\n<p>Le stand a \u00e9t\u00e9 bien fr\u00e9quent\u00e9 tout au long de l&rsquo;\u00e9v\u00e9nement \u2013 de nombreuses personnes ont profit\u00e9 de l&rsquo;occasion pour poser des questions et participer \u00e0 des discussions stimulantes sur les sols et mat\u00e9riaux de construction.<\/p>\n\n\n\n<hr class=\"wp-block-separator has-alpha-channel-opacity is-style-wide\" \/>\n\n\n<div class=\"pgc-sgb-cb wp-block-pgcsimplygalleryblock-slider \" data-gallery-id=\"c8f67606\"style=&quot;min-height:400px&quot;><div class=\"sgb-preloader\" id=\"pr_c8f67606\">\n\t<div class=\"sgb-square\" style=\"background:#d4d4d4\"><\/div>\n\t<div class=\"sgb-square\" style=\"background:#d4d4d4\"><\/div>\n\t<div class=\"sgb-square\" style=\"background:#d4d4d4\"><\/div>\n\t<div class=\"sgb-square\" style=\"background:#d4d4d4\"><\/div><\/div><div class=\"simply-gallery-amp pgc_sgb_slider \"><noscript><div class=\"sgb-gallery\"><div class=\"sgb-item\"><a href=\"https:\/\/hurni-gruppe.ch\/?attachment_id=4206\" target=\"_blank\"><img decoding=\"async\" alt=\"\" width=\"240\" height=\"300\" loading=\"lazy\" src=\"https:\/\/hurni-gruppe.ch\/wp-content\/uploads\/2025\/09\/Hurni_Messe_Kallnach_11-240x300.jpg\" srcset=\"https:\/\/hurni-gruppe.ch\/wp-content\/uploads\/2025\/09\/Hurni_Messe_Kallnach_11-240x300.jpg 240w,https:\/\/hurni-gruppe.ch\/wp-content\/uploads\/2025\/09\/Hurni_Messe_Kallnach_11-819x1024.jpg 819w,https:\/\/hurni-gruppe.ch\/wp-content\/uploads\/2025\/09\/Hurni_Messe_Kallnach_11.jpg 1000w\" sizes=\"auto, 250px\"\/><\/a><\/div><div class=\"sgb-item\"><a href=\"https:\/\/hurni-gruppe.ch\/?attachment_id=4202\" target=\"_blank\"><img decoding=\"async\" alt=\"\" width=\"240\" height=\"300\" loading=\"lazy\" src=\"https:\/\/hurni-gruppe.ch\/wp-content\/uploads\/2025\/09\/Hurni_Messe_Kallnach_7-240x300.jpg\" srcset=\"https:\/\/hurni-gruppe.ch\/wp-content\/uploads\/2025\/09\/Hurni_Messe_Kallnach_7-240x300.jpg 240w,https:\/\/hurni-gruppe.ch\/wp-content\/uploads\/2025\/09\/Hurni_Messe_Kallnach_7-819x1024.jpg 819w,https:\/\/hurni-gruppe.ch\/wp-content\/uploads\/2025\/09\/Hurni_Messe_Kallnach_7.jpg 1000w\" sizes=\"auto, 250px\"\/><\/a><\/div><div class=\"sgb-item\"><a href=\"https:\/\/hurni-gruppe.ch\/?attachment_id=4204\" target=\"_blank\"><img decoding=\"async\" alt=\"\" width=\"240\" height=\"300\" loading=\"lazy\" src=\"https:\/\/hurni-gruppe.ch\/wp-content\/uploads\/2025\/09\/Hurni_Messe_Kallnach_8-240x300.jpg\" srcset=\"https:\/\/hurni-gruppe.ch\/wp-content\/uploads\/2025\/09\/Hurni_Messe_Kallnach_8-240x300.jpg 240w,https:\/\/hurni-gruppe.ch\/wp-content\/uploads\/2025\/09\/Hurni_Messe_Kallnach_8-819x1024.jpg 819w,https:\/\/hurni-gruppe.ch\/wp-content\/uploads\/2025\/09\/Hurni_Messe_Kallnach_8.jpg 1000w\" sizes=\"auto, 250px\"\/><\/a><\/div><div class=\"sgb-item\"><a href=\"https:\/\/hurni-gruppe.ch\/?attachment_id=4200\" target=\"_blank\"><img decoding=\"async\" alt=\"\" width=\"240\" height=\"300\" loading=\"lazy\" src=\"https:\/\/hurni-gruppe.ch\/wp-content\/uploads\/2025\/09\/Hurni_Messe_Kallnach_6-240x300.jpg\" srcset=\"https:\/\/hurni-gruppe.ch\/wp-content\/uploads\/2025\/09\/Hurni_Messe_Kallnach_6-240x300.jpg 240w,https:\/\/hurni-gruppe.ch\/wp-content\/uploads\/2025\/09\/Hurni_Messe_Kallnach_6-819x1024.jpg 819w,https:\/\/hurni-gruppe.ch\/wp-content\/uploads\/2025\/09\/Hurni_Messe_Kallnach_6.jpg 1000w\" sizes=\"auto, 250px\"\/><\/a><\/div><div class=\"sgb-item\"><a href=\"https:\/\/hurni-gruppe.ch\/?attachment_id=4210\" target=\"_blank\"><img decoding=\"async\" alt=\"\" width=\"240\" height=\"300\" loading=\"lazy\" src=\"https:\/\/hurni-gruppe.ch\/wp-content\/uploads\/2025\/09\/Hurni_Messe_Kallnach_17-240x300.jpg\" srcset=\"https:\/\/hurni-gruppe.ch\/wp-content\/uploads\/2025\/09\/Hurni_Messe_Kallnach_17-240x300.jpg 240w,https:\/\/hurni-gruppe.ch\/wp-content\/uploads\/2025\/09\/Hurni_Messe_Kallnach_17-819x1024.jpg 819w,https:\/\/hurni-gruppe.ch\/wp-content\/uploads\/2025\/09\/Hurni_Messe_Kallnach_17.jpg 1000w\" sizes=\"auto, 250px\"\/><\/a><\/div><div class=\"sgb-item\"><a href=\"https:\/\/hurni-gruppe.ch\/?attachment_id=4208\" target=\"_blank\"><img decoding=\"async\" alt=\"\" width=\"240\" height=\"300\" loading=\"lazy\" src=\"https:\/\/hurni-gruppe.ch\/wp-content\/uploads\/2025\/09\/Hurni_Messe_Kallnach_14-240x300.jpg\" srcset=\"https:\/\/hurni-gruppe.ch\/wp-content\/uploads\/2025\/09\/Hurni_Messe_Kallnach_14-240x300.jpg 240w,https:\/\/hurni-gruppe.ch\/wp-content\/uploads\/2025\/09\/Hurni_Messe_Kallnach_14-819x1024.jpg 819w,https:\/\/hurni-gruppe.ch\/wp-content\/uploads\/2025\/09\/Hurni_Messe_Kallnach_14.jpg 1000w\" sizes=\"auto, 250px\"\/><\/a><\/div><div class=\"sgb-item\"><a href=\"https:\/\/hurni-gruppe.ch\/?attachment_id=4198\" target=\"_blank\"><img decoding=\"async\" alt=\"\" width=\"240\" height=\"300\" loading=\"lazy\" src=\"https:\/\/hurni-gruppe.ch\/wp-content\/uploads\/2025\/09\/Hurni_Messe_Kallnach_3-240x300.jpg\" srcset=\"https:\/\/hurni-gruppe.ch\/wp-content\/uploads\/2025\/09\/Hurni_Messe_Kallnach_3-240x300.jpg 240w,https:\/\/hurni-gruppe.ch\/wp-content\/uploads\/2025\/09\/Hurni_Messe_Kallnach_3-819x1024.jpg 819w,https:\/\/hurni-gruppe.ch\/wp-content\/uploads\/2025\/09\/Hurni_Messe_Kallnach_3.jpg 1000w\" sizes=\"auto, 250px\"\/><\/a><\/div><div class=\"sgb-item\"><a href=\"https:\/\/hurni-gruppe.ch\/?attachment_id=4196\" target=\"_blank\"><img decoding=\"async\" alt=\"\" width=\"240\" height=\"300\" loading=\"lazy\" src=\"https:\/\/hurni-gruppe.ch\/wp-content\/uploads\/2025\/09\/Hurni_Messe_Kallnach_2-240x300.jpg\" srcset=\"https:\/\/hurni-gruppe.ch\/wp-content\/uploads\/2025\/09\/Hurni_Messe_Kallnach_2-240x300.jpg 240w,https:\/\/hurni-gruppe.ch\/wp-content\/uploads\/2025\/09\/Hurni_Messe_Kallnach_2-819x1024.jpg 819w,https:\/\/hurni-gruppe.ch\/wp-content\/uploads\/2025\/09\/Hurni_Messe_Kallnach_2.jpg 1000w\" sizes=\"auto, 250px\"\/><\/a><\/div><\/div><\/noscript><\/div><script type=\"application\/json\" class=\"sgb-data\">{\"sliderAdminWidth\":1168,\"bulkSelect\":true,\"galleryType\":\"pgc_sgb_slider\",\"galleryId\":\"c8f67606\",\"images\":[{\"id\":4206,\"title\":\"Hurni_Messe_Kallnach_11\",\"url\":\"https:\/\/hurni-gruppe.ch\/wp-content\/uploads\/2025\/09\/Hurni_Messe_Kallnach_11.jpg\",\"link\":\"https:\/\/hurni-gruppe.ch\/?attachment_id=4206\",\"alt\":\"\",\"description\":\"\",\"caption\":\"\",\"mime\":\"image\/jpeg\",\"type\":\"image\",\"width\":1000,\"height\":1250,\"sizes\":{\"thumbnail\":{\"height\":150,\"width\":150,\"url\":\"https:\/\/hurni-gruppe.ch\/wp-content\/uploads\/2025\/09\/Hurni_Messe_Kallnach_11-150x150.jpg\",\"orientation\":\"landscape\"},\"medium\":{\"height\":300,\"width\":240,\"url\":\"https:\/\/hurni-gruppe.ch\/wp-content\/uploads\/2025\/09\/Hurni_Messe_Kallnach_11-240x300.jpg\",\"orientation\":\"portrait\"},\"large\":{\"height\":1024,\"width\":819,\"url\":\"https:\/\/hurni-gruppe.ch\/wp-content\/uploads\/2025\/09\/Hurni_Messe_Kallnach_11-819x1024.jpg\",\"orientation\":\"portrait\"},\"full\":{\"url\":\"https:\/\/hurni-gruppe.ch\/wp-content\/uploads\/2025\/09\/Hurni_Messe_Kallnach_11.jpg\",\"height\":1250,\"width\":1000,\"orientation\":\"portrait\"}},\"imageMeta\":{\"aperture\":\"2.8\",\"credit\":\"\",\"camera\":\"ILCE-7SM3\",\"caption\":\"\",\"created_timestamp\":\"1757765539\",\"copyright\":\"\",\"focal_length\":\"24\",\"iso\":\"2500\",\"shutter_speed\":\"0.0025\",\"title\":\"\",\"orientation\":\"1\",\"keywords\":[]},\"meta\":false,\"postlink\":\"https:\/\/hurni-gruppe.ch\/?attachment_id=4206\"},{\"id\":4202,\"title\":\"Hurni_Messe_Kallnach_7\",\"url\":\"https:\/\/hurni-gruppe.ch\/wp-content\/uploads\/2025\/09\/Hurni_Messe_Kallnach_7.jpg\",\"link\":\"https:\/\/hurni-gruppe.ch\/?attachment_id=4202\",\"alt\":\"\",\"description\":\"\",\"caption\":\"\",\"mime\":\"image\/jpeg\",\"type\":\"image\",\"width\":1000,\"height\":1250,\"sizes\":{\"thumbnail\":{\"height\":150,\"width\":150,\"url\":\"https:\/\/hurni-gruppe.ch\/wp-content\/uploads\/2025\/09\/Hurni_Messe_Kallnach_7-150x150.jpg\",\"orientation\":\"landscape\"},\"medium\":{\"height\":300,\"width\":240,\"url\":\"https:\/\/hurni-gruppe.ch\/wp-content\/uploads\/2025\/09\/Hurni_Messe_Kallnach_7-240x300.jpg\",\"orientation\":\"portrait\"},\"large\":{\"height\":1024,\"width\":819,\"url\":\"https:\/\/hurni-gruppe.ch\/wp-content\/uploads\/2025\/09\/Hurni_Messe_Kallnach_7-819x1024.jpg\",\"orientation\":\"portrait\"},\"full\":{\"url\":\"https:\/\/hurni-gruppe.ch\/wp-content\/uploads\/2025\/09\/Hurni_Messe_Kallnach_7.jpg\",\"height\":1250,\"width\":1000,\"orientation\":\"portrait\"}},\"imageMeta\":{\"aperture\":\"2.8\",\"credit\":\"\",\"camera\":\"ILCE-7SM3\",\"caption\":\"\",\"created_timestamp\":\"1757762513\",\"copyright\":\"\",\"focal_length\":\"52.7\",\"iso\":\"2000\",\"shutter_speed\":\"0.0025\",\"title\":\"\",\"orientation\":\"1\",\"keywords\":[]},\"meta\":false,\"postlink\":\"https:\/\/hurni-gruppe.ch\/?attachment_id=4202\"},{\"id\":4204,\"title\":\"Hurni_Messe_Kallnach_8\",\"url\":\"https:\/\/hurni-gruppe.ch\/wp-content\/uploads\/2025\/09\/Hurni_Messe_Kallnach_8.jpg\",\"link\":\"https:\/\/hurni-gruppe.ch\/?attachment_id=4204\",\"alt\":\"\",\"description\":\"\",\"caption\":\"\",\"mime\":\"image\/jpeg\",\"type\":\"image\",\"width\":1000,\"height\":1250,\"sizes\":{\"thumbnail\":{\"height\":150,\"width\":150,\"url\":\"https:\/\/hurni-gruppe.ch\/wp-content\/uploads\/2025\/09\/Hurni_Messe_Kallnach_8-150x150.jpg\",\"orientation\":\"landscape\"},\"medium\":{\"height\":300,\"width\":240,\"url\":\"https:\/\/hurni-gruppe.ch\/wp-content\/uploads\/2025\/09\/Hurni_Messe_Kallnach_8-240x300.jpg\",\"orientation\":\"portrait\"},\"large\":{\"height\":1024,\"width\":819,\"url\":\"https:\/\/hurni-gruppe.ch\/wp-content\/uploads\/2025\/09\/Hurni_Messe_Kallnach_8-819x1024.jpg\",\"orientation\":\"portrait\"},\"full\":{\"url\":\"https:\/\/hurni-gruppe.ch\/wp-content\/uploads\/2025\/09\/Hurni_Messe_Kallnach_8.jpg\",\"height\":1250,\"width\":1000,\"orientation\":\"portrait\"}},\"imageMeta\":{\"aperture\":\"5\",\"credit\":\"\",\"camera\":\"ILCE-7SM3\",\"caption\":\"\",\"created_timestamp\":\"1757762771\",\"copyright\":\"\",\"focal_length\":\"16\",\"iso\":\"1000\",\"shutter_speed\":\"0.0025\",\"title\":\"\",\"orientation\":\"1\",\"keywords\":[]},\"meta\":false,\"postlink\":\"https:\/\/hurni-gruppe.ch\/?attachment_id=4204\"},{\"id\":4200,\"title\":\"Hurni_Messe_Kallnach_6\",\"url\":\"https:\/\/hurni-gruppe.ch\/wp-content\/uploads\/2025\/09\/Hurni_Messe_Kallnach_6.jpg\",\"link\":\"https:\/\/hurni-gruppe.ch\/?attachment_id=4200\",\"alt\":\"\",\"description\":\"\",\"caption\":\"\",\"mime\":\"image\/jpeg\",\"type\":\"image\",\"width\":1000,\"height\":1250,\"sizes\":{\"thumbnail\":{\"height\":150,\"width\":150,\"url\":\"https:\/\/hurni-gruppe.ch\/wp-content\/uploads\/2025\/09\/Hurni_Messe_Kallnach_6-150x150.jpg\",\"orientation\":\"landscape\"},\"medium\":{\"height\":300,\"width\":240,\"url\":\"https:\/\/hurni-gruppe.ch\/wp-content\/uploads\/2025\/09\/Hurni_Messe_Kallnach_6-240x300.jpg\",\"orientation\":\"portrait\"},\"large\":{\"height\":1024,\"width\":819,\"url\":\"https:\/\/hurni-gruppe.ch\/wp-content\/uploads\/2025\/09\/Hurni_Messe_Kallnach_6-819x1024.jpg\",\"orientation\":\"portrait\"},\"full\":{\"url\":\"https:\/\/hurni-gruppe.ch\/wp-content\/uploads\/2025\/09\/Hurni_Messe_Kallnach_6.jpg\",\"height\":1250,\"width\":1000,\"orientation\":\"portrait\"}},\"imageMeta\":{\"aperture\":\"2.8\",\"credit\":\"\",\"camera\":\"ILCE-7SM3\",\"caption\":\"\",\"created_timestamp\":\"1757762047\",\"copyright\":\"\",\"focal_length\":\"70\",\"iso\":\"800\",\"shutter_speed\":\"0.0025\",\"title\":\"\",\"orientation\":\"1\",\"keywords\":[]},\"meta\":false,\"postlink\":\"https:\/\/hurni-gruppe.ch\/?attachment_id=4200\"},{\"id\":4210,\"title\":\"Hurni_Messe_Kallnach_17\",\"url\":\"https:\/\/hurni-gruppe.ch\/wp-content\/uploads\/2025\/09\/Hurni_Messe_Kallnach_17.jpg\",\"link\":\"https:\/\/hurni-gruppe.ch\/?attachment_id=4210\",\"alt\":\"\",\"description\":\"\",\"caption\":\"\",\"mime\":\"image\/jpeg\",\"type\":\"image\",\"width\":1000,\"height\":1250,\"sizes\":{\"thumbnail\":{\"height\":150,\"width\":150,\"url\":\"https:\/\/hurni-gruppe.ch\/wp-content\/uploads\/2025\/09\/Hurni_Messe_Kallnach_17-150x150.jpg\",\"orientation\":\"landscape\"},\"medium\":{\"height\":300,\"width\":240,\"url\":\"https:\/\/hurni-gruppe.ch\/wp-content\/uploads\/2025\/09\/Hurni_Messe_Kallnach_17-240x300.jpg\",\"orientation\":\"portrait\"},\"large\":{\"height\":1024,\"width\":819,\"url\":\"https:\/\/hurni-gruppe.ch\/wp-content\/uploads\/2025\/09\/Hurni_Messe_Kallnach_17-819x1024.jpg\",\"orientation\":\"portrait\"},\"full\":{\"url\":\"https:\/\/hurni-gruppe.ch\/wp-content\/uploads\/2025\/09\/Hurni_Messe_Kallnach_17.jpg\",\"height\":1250,\"width\":1000,\"orientation\":\"portrait\"}},\"imageMeta\":{\"aperture\":\"2.8\",\"credit\":\"\",\"camera\":\"ILCE-7SM3\",\"caption\":\"\",\"created_timestamp\":\"1757767582\",\"copyright\":\"\",\"focal_length\":\"24\",\"iso\":\"2000\",\"shutter_speed\":\"0.0025\",\"title\":\"\",\"orientation\":\"1\",\"keywords\":[]},\"meta\":false,\"postlink\":\"https:\/\/hurni-gruppe.ch\/?attachment_id=4210\"},{\"id\":4208,\"title\":\"Hurni_Messe_Kallnach_14\",\"url\":\"https:\/\/hurni-gruppe.ch\/wp-content\/uploads\/2025\/09\/Hurni_Messe_Kallnach_14.jpg\",\"link\":\"https:\/\/hurni-gruppe.ch\/?attachment_id=4208\",\"alt\":\"\",\"description\":\"\",\"caption\":\"\",\"mime\":\"image\/jpeg\",\"type\":\"image\",\"width\":1000,\"height\":1250,\"sizes\":{\"thumbnail\":{\"height\":150,\"width\":150,\"url\":\"https:\/\/hurni-gruppe.ch\/wp-content\/uploads\/2025\/09\/Hurni_Messe_Kallnach_14-150x150.jpg\",\"orientation\":\"landscape\"},\"medium\":{\"height\":300,\"width\":240,\"url\":\"https:\/\/hurni-gruppe.ch\/wp-content\/uploads\/2025\/09\/Hurni_Messe_Kallnach_14-240x300.jpg\",\"orientation\":\"portrait\"},\"large\":{\"height\":1024,\"width\":819,\"url\":\"https:\/\/hurni-gruppe.ch\/wp-content\/uploads\/2025\/09\/Hurni_Messe_Kallnach_14-819x1024.jpg\",\"orientation\":\"portrait\"},\"full\":{\"url\":\"https:\/\/hurni-gruppe.ch\/wp-content\/uploads\/2025\/09\/Hurni_Messe_Kallnach_14.jpg\",\"height\":1250,\"width\":1000,\"orientation\":\"portrait\"}},\"imageMeta\":{\"aperture\":\"2.8\",\"credit\":\"\",\"camera\":\"ILCE-7SM3\",\"caption\":\"\",\"created_timestamp\":\"1757766431\",\"copyright\":\"\",\"focal_length\":\"45\",\"iso\":\"2500\",\"shutter_speed\":\"0.0025\",\"title\":\"\",\"orientation\":\"1\",\"keywords\":[]},\"meta\":false,\"postlink\":\"https:\/\/hurni-gruppe.ch\/?attachment_id=4208\"},{\"id\":4198,\"title\":\"Hurni_Messe_Kallnach_3\",\"url\":\"https:\/\/hurni-gruppe.ch\/wp-content\/uploads\/2025\/09\/Hurni_Messe_Kallnach_3.jpg\",\"link\":\"https:\/\/hurni-gruppe.ch\/?attachment_id=4198\",\"alt\":\"\",\"description\":\"\",\"caption\":\"\",\"mime\":\"image\/jpeg\",\"type\":\"image\",\"width\":1000,\"height\":1250,\"sizes\":{\"thumbnail\":{\"height\":150,\"width\":150,\"url\":\"https:\/\/hurni-gruppe.ch\/wp-content\/uploads\/2025\/09\/Hurni_Messe_Kallnach_3-150x150.jpg\",\"orientation\":\"landscape\"},\"medium\":{\"height\":300,\"width\":240,\"url\":\"https:\/\/hurni-gruppe.ch\/wp-content\/uploads\/2025\/09\/Hurni_Messe_Kallnach_3-240x300.jpg\",\"orientation\":\"portrait\"},\"large\":{\"height\":1024,\"width\":819,\"url\":\"https:\/\/hurni-gruppe.ch\/wp-content\/uploads\/2025\/09\/Hurni_Messe_Kallnach_3-819x1024.jpg\",\"orientation\":\"portrait\"},\"full\":{\"url\":\"https:\/\/hurni-gruppe.ch\/wp-content\/uploads\/2025\/09\/Hurni_Messe_Kallnach_3.jpg\",\"height\":1250,\"width\":1000,\"orientation\":\"portrait\"}},\"imageMeta\":{\"aperture\":\"2.8\",\"credit\":\"\",\"camera\":\"ILCE-7SM3\",\"caption\":\"\",\"created_timestamp\":\"1757760409\",\"copyright\":\"\",\"focal_length\":\"44.6\",\"iso\":\"4000\",\"shutter_speed\":\"0.0025\",\"title\":\"\",\"orientation\":\"1\",\"keywords\":[]},\"meta\":false,\"postlink\":\"https:\/\/hurni-gruppe.ch\/?attachment_id=4198\"},{\"id\":4196,\"title\":\"Hurni_Messe_Kallnach_2\",\"url\":\"https:\/\/hurni-gruppe.ch\/wp-content\/uploads\/2025\/09\/Hurni_Messe_Kallnach_2.jpg\",\"link\":\"https:\/\/hurni-gruppe.ch\/?attachment_id=4196\",\"alt\":\"\",\"description\":\"\",\"caption\":\"\",\"mime\":\"image\/jpeg\",\"type\":\"image\",\"width\":1000,\"height\":1250,\"sizes\":{\"thumbnail\":{\"height\":150,\"width\":150,\"url\":\"https:\/\/hurni-gruppe.ch\/wp-content\/uploads\/2025\/09\/Hurni_Messe_Kallnach_2-150x150.jpg\",\"orientation\":\"landscape\"},\"medium\":{\"height\":300,\"width\":240,\"url\":\"https:\/\/hurni-gruppe.ch\/wp-content\/uploads\/2025\/09\/Hurni_Messe_Kallnach_2-240x300.jpg\",\"orientation\":\"portrait\"},\"large\":{\"height\":1024,\"width\":819,\"url\":\"https:\/\/hurni-gruppe.ch\/wp-content\/uploads\/2025\/09\/Hurni_Messe_Kallnach_2-819x1024.jpg\",\"orientation\":\"portrait\"},\"full\":{\"url\":\"https:\/\/hurni-gruppe.ch\/wp-content\/uploads\/2025\/09\/Hurni_Messe_Kallnach_2.jpg\",\"height\":1250,\"width\":1000,\"orientation\":\"portrait\"}},\"imageMeta\":{\"aperture\":\"2.8\",\"credit\":\"\",\"camera\":\"ILCE-7SM3\",\"caption\":\"\",\"created_timestamp\":\"1757757691\",\"copyright\":\"\",\"focal_length\":\"20.3\",\"iso\":\"1250\",\"shutter_speed\":\"0.001\",\"title\":\"\",\"orientation\":\"1\",\"keywords\":[]},\"meta\":false,\"postlink\":\"https:\/\/hurni-gruppe.ch\/?attachment_id=4196\"}],\"itemsMetaDataCollection\":[]}<\/script><script>(function(){if(window.PGC_SGB && window.PGC_SGB.searcher){window.PGC_SGB.searcher.initBlocks()}})()<\/script><\/div><\/div>\n<\/div>\n","protected":false},"excerpt":{"rendered":"<p>Hurni au salon industriel de Chouchignies L&rsquo;entreprise Hurni \u00e9tait repr\u00e9sent\u00e9e par deux stands au salon industriel de Chouchignies. L&rsquo;objectif \u00e9tait de rapprocher ses propres projets&hellip;<\/p>\n","protected":false},"author":3,"featured_media":4222,"comment_status":"closed","ping_status":"open","sticky":false,"template":"","format":"standard","meta":{"inline_featured_image":false,"_uag_custom_page_level_css":"","pgc_sgb_lightbox_settings":"","footnotes":""},"categories":[6],"tags":[],"class_list":["post-4219","post","type-post","status-publish","format-standard","has-post-thumbnail","hentry","category-actuel"],"aioseo_notices":[],"uagb_featured_image_src":{"full":["https:\/\/hurni-gruppe.ch\/wp-content\/uploads\/2025\/09\/header_kallnach.jpg",2560,853,false],"thumbnail":["https:\/\/hurni-gruppe.ch\/wp-content\/uploads\/2025\/09\/header_kallnach-150x150.jpg",150,150,true],"medium":["https:\/\/hurni-gruppe.ch\/wp-content\/uploads\/2025\/09\/header_kallnach-300x100.jpg",300,100,true],"medium_large":["https:\/\/hurni-gruppe.ch\/wp-content\/uploads\/2025\/09\/header_kallnach-768x256.jpg",768,256,true],"large":["https:\/\/hurni-gruppe.ch\/wp-content\/uploads\/2025\/09\/header_kallnach-1024x341.jpg",843,281,true],"1536x1536":["https:\/\/hurni-gruppe.ch\/wp-content\/uploads\/2025\/09\/header_kallnach-1536x512.jpg",1536,512,true],"2048x2048":["https:\/\/hurni-gruppe.ch\/wp-content\/uploads\/2025\/09\/header_kallnach-2048x682.jpg",2048,682,true]},"uagb_author_info":{"display_name":"gebel","author_link":"https:\/\/hurni-gruppe.ch\/fr\/author\/gebel\/"},"uagb_comment_info":0,"uagb_excerpt":"Hurni au salon industriel de Chouchignies L&rsquo;entreprise Hurni \u00e9tait repr\u00e9sent\u00e9e par deux stands au salon industriel de Chouchignies. L&rsquo;objectif \u00e9tait de rapprocher ses propres projets&hellip;","_links":{"self":[{"href":"https:\/\/hurni-gruppe.ch\/fr\/wp-json\/wp\/v2\/posts\/4219","targetHints":{"allow":["GET"]}}],"collection":[{"href":"https:\/\/hurni-gruppe.ch\/fr\/wp-json\/wp\/v2\/posts"}],"about":[{"href":"https:\/\/hurni-gruppe.ch\/fr\/wp-json\/wp\/v2\/types\/post"}],"author":[{"embeddable":true,"href":"https:\/\/hurni-gruppe.ch\/fr\/wp-json\/wp\/v2\/users\/3"}],"replies":[{"embeddable":true,"href":"https:\/\/hurni-gruppe.ch\/fr\/wp-json\/wp\/v2\/comments?post=4219"}],"version-history":[{"count":1,"href":"https:\/\/hurni-gruppe.ch\/fr\/wp-json\/wp\/v2\/posts\/4219\/revisions"}],"predecessor-version":[{"id":4220,"href":"https:\/\/hurni-gruppe.ch\/fr\/wp-json\/wp\/v2\/posts\/4219\/revisions\/4220"}],"wp:featuredmedia":[{"embeddable":true,"href":"https:\/\/hurni-gruppe.ch\/fr\/wp-json\/wp\/v2\/media\/4222"}],"wp:attachment":[{"href":"https:\/\/hurni-gruppe.ch\/fr\/wp-json\/wp\/v2\/media?parent=4219"}],"wp:term":[{"taxonomy":"category","embeddable":true,"href":"https:\/\/hurni-gruppe.ch\/fr\/wp-json\/wp\/v2\/categories?post=4219"},{"taxonomy":"post_tag","embeddable":true,"href":"https:\/\/hurni-gruppe.ch\/fr\/wp-json\/wp\/v2\/tags?post=4219"}],"curies":[{"name":"wp","href":"https:\/\/api.w.org\/{rel}","templated":true}]}}