{"id":4242,"date":"2025-09-30T13:31:23","date_gmt":"2025-09-30T11:31:23","guid":{"rendered":"https:\/\/hurni-gruppe.ch\/?p=4242"},"modified":"2025-09-30T13:35:44","modified_gmt":"2025-09-30T11:35:44","slug":"extraction-de-gravier-et-archeologie-un-apercu-passionnant-sur-place","status":"publish","type":"post","link":"https:\/\/hurni-gruppe.ch\/fr\/extraction-de-gravier-et-archeologie-un-apercu-passionnant-sur-place\/","title":{"rendered":"Extraction de gravier et arch\u00e9ologie \u2013 un aper\u00e7u passionnant sur place"},"content":{"rendered":"\n<h2 class=\"wp-block-heading\">Extraction de gravier et arch\u00e9ologie \u2013 un aper\u00e7u passionnant sur place<\/h2>\n\n\n\n<div class=\"wp-block-columns is-layout-flex wp-container-core-columns-is-layout-9d6595d7 wp-block-columns-is-layout-flex\">\n<div class=\"wp-block-column is-layout-flow wp-block-column-is-layout-flow\">\n<p>Le jeudi 18 septembre 2025, une promenade publique du soir a eu lieu \u00e0 Chouchignies dans la gravi\u00e8re de Hurni gravier et b\u00e9ton S.A. Des repr\u00e9sentants et repr\u00e9sentantes du Service arch\u00e9ologique du canton de Berne, de Hurni gravier et b\u00e9ton S.A. et du Conseil de la Bourgeoisie de Chouchignies ont fourni des informations sur le th\u00e8me \u00ab Extraction de gravier et arch\u00e9ologie \u00bb.<\/p>\n\n\n\n<p>Les participants et participantes ont eu un aper\u00e7u passionnant des recherches arch\u00e9ologiques en cours, qui ont relev\u00e9 \u00e0 plusieurs reprises des traces d&rsquo;\u00e9tablissements ant\u00e9rieurs dans la zone d&rsquo;extraction de gravier. En m\u00eame temps, les visiteurs et visiteuses ont eu un aper\u00e7u de l&rsquo;extraction moderne du gravier et des m\u00e9thodes de travail de l&rsquo;entreprise. De plus, la promenade a permis un \u00e9change anim\u00e9 entre les professionnels et la population.<\/p>\n\n\n\n<p>Bilan : l&rsquo;\u00e9v\u00e9nement \u00e9tait \u00e0 la fois informatif et vari\u00e9. Il a montr\u00e9 de mani\u00e8re impressionnante que l&rsquo;extraction des mati\u00e8res premi\u00e8res et la protection des biens culturels ne doivent pas s&rsquo;exclure mutuellement, mais qu&rsquo;elles peuvent b\u00e9n\u00e9ficier l&rsquo;une de l&rsquo;autre gr\u00e2ce \u00e0 une collaboration constructive.<\/p>\n<\/div>\n<\/div>\n\n\n\n<hr class=\"wp-block-separator has-alpha-channel-opacity is-style-wide\" \/>\n\n\n<div class=\"pgc-sgb-cb wp-block-pgcsimplygalleryblock-slider \" data-gallery-id=\"15979896\"style=&quot;min-height:400px&quot;><div class=\"sgb-preloader\" id=\"pr_15979896\">\n\t<div class=\"sgb-square\" style=\"background:#d4d4d4\"><\/div>\n\t<div class=\"sgb-square\" style=\"background:#d4d4d4\"><\/div>\n\t<div class=\"sgb-square\" style=\"background:#d4d4d4\"><\/div>\n\t<div class=\"sgb-square\" style=\"background:#d4d4d4\"><\/div><\/div><div class=\"simply-gallery-amp pgc_sgb_slider \"><noscript><div class=\"sgb-gallery\"><div class=\"sgb-item\"><a href=\"https:\/\/hurni-gruppe.ch\/?attachment_id=4237\" target=\"_blank\"><img decoding=\"async\" alt=\"\" width=\"240\" height=\"300\" loading=\"lazy\" src=\"https:\/\/hurni-gruppe.ch\/wp-content\/uploads\/2025\/09\/Hurni_Abendspaziergang-8-240x300.jpg\" srcset=\"https:\/\/hurni-gruppe.ch\/wp-content\/uploads\/2025\/09\/Hurni_Abendspaziergang-8-240x300.jpg 240w,https:\/\/hurni-gruppe.ch\/wp-content\/uploads\/2025\/09\/Hurni_Abendspaziergang-8-819x1024.jpg 819w,https:\/\/hurni-gruppe.ch\/wp-content\/uploads\/2025\/09\/Hurni_Abendspaziergang-8.jpg 1000w\" sizes=\"auto, 250px\"\/><\/a><\/div><div class=\"sgb-item\"><a href=\"https:\/\/hurni-gruppe.ch\/?attachment_id=4235\" target=\"_blank\"><img decoding=\"async\" alt=\"\" width=\"240\" height=\"300\" loading=\"lazy\" src=\"https:\/\/hurni-gruppe.ch\/wp-content\/uploads\/2025\/09\/Hurni_Abendspaziergang-7-240x300.jpg\" srcset=\"https:\/\/hurni-gruppe.ch\/wp-content\/uploads\/2025\/09\/Hurni_Abendspaziergang-7-240x300.jpg 240w,https:\/\/hurni-gruppe.ch\/wp-content\/uploads\/2025\/09\/Hurni_Abendspaziergang-7-819x1024.jpg 819w,https:\/\/hurni-gruppe.ch\/wp-content\/uploads\/2025\/09\/Hurni_Abendspaziergang-7.jpg 1000w\" sizes=\"auto, 250px\"\/><\/a><\/div><div class=\"sgb-item\"><a href=\"https:\/\/hurni-gruppe.ch\/?attachment_id=4233\" target=\"_blank\"><img decoding=\"async\" alt=\"\" width=\"240\" height=\"300\" loading=\"lazy\" src=\"https:\/\/hurni-gruppe.ch\/wp-content\/uploads\/2025\/09\/Hurni_Abendspaziergang-4-240x300.jpg\" srcset=\"https:\/\/hurni-gruppe.ch\/wp-content\/uploads\/2025\/09\/Hurni_Abendspaziergang-4-240x300.jpg 240w,https:\/\/hurni-gruppe.ch\/wp-content\/uploads\/2025\/09\/Hurni_Abendspaziergang-4-819x1024.jpg 819w,https:\/\/hurni-gruppe.ch\/wp-content\/uploads\/2025\/09\/Hurni_Abendspaziergang-4.jpg 1000w\" sizes=\"auto, 250px\"\/><\/a><\/div><div class=\"sgb-item\"><a href=\"https:\/\/hurni-gruppe.ch\/?attachment_id=4231\" target=\"_blank\"><img decoding=\"async\" alt=\"\" width=\"240\" height=\"300\" loading=\"lazy\" src=\"https:\/\/hurni-gruppe.ch\/wp-content\/uploads\/2025\/09\/Hurni_Abendspaziergang-3-240x300.jpg\" srcset=\"https:\/\/hurni-gruppe.ch\/wp-content\/uploads\/2025\/09\/Hurni_Abendspaziergang-3-240x300.jpg 240w,https:\/\/hurni-gruppe.ch\/wp-content\/uploads\/2025\/09\/Hurni_Abendspaziergang-3-819x1024.jpg 819w,https:\/\/hurni-gruppe.ch\/wp-content\/uploads\/2025\/09\/Hurni_Abendspaziergang-3.jpg 1000w\" sizes=\"auto, 250px\"\/><\/a><\/div><div class=\"sgb-item\"><a href=\"https:\/\/hurni-gruppe.ch\/?attachment_id=4239\" target=\"_blank\"><img decoding=\"async\" alt=\"\" width=\"240\" height=\"300\" loading=\"lazy\" src=\"https:\/\/hurni-gruppe.ch\/wp-content\/uploads\/2025\/09\/Hurni_Abendspaziergang-18-240x300.jpg\" srcset=\"https:\/\/hurni-gruppe.ch\/wp-content\/uploads\/2025\/09\/Hurni_Abendspaziergang-18-240x300.jpg 240w,https:\/\/hurni-gruppe.ch\/wp-content\/uploads\/2025\/09\/Hurni_Abendspaziergang-18-819x1024.jpg 819w,https:\/\/hurni-gruppe.ch\/wp-content\/uploads\/2025\/09\/Hurni_Abendspaziergang-18.jpg 1000w\" sizes=\"auto, 250px\"\/><\/a><\/div><\/div><\/noscript><\/div><script type=\"application\/json\" class=\"sgb-data\">{\"sliderAdminWidth\":1168,\"galleryType\":\"pgc_sgb_slider\",\"galleryId\":\"15979896\",\"images\":[{\"id\":4237,\"title\":\"Hurni_Abendspaziergang-8\",\"url\":\"https:\/\/hurni-gruppe.ch\/wp-content\/uploads\/2025\/09\/Hurni_Abendspaziergang-8.jpg\",\"link\":\"https:\/\/hurni-gruppe.ch\/?attachment_id=4237\",\"alt\":\"\",\"description\":\"\",\"caption\":\"\",\"mime\":\"image\/jpeg\",\"type\":\"image\",\"width\":1000,\"height\":1250,\"sizes\":{\"thumbnail\":{\"height\":150,\"width\":150,\"url\":\"https:\/\/hurni-gruppe.ch\/wp-content\/uploads\/2025\/09\/Hurni_Abendspaziergang-8-150x150.jpg\",\"orientation\":\"landscape\"},\"medium\":{\"height\":300,\"width\":240,\"url\":\"https:\/\/hurni-gruppe.ch\/wp-content\/uploads\/2025\/09\/Hurni_Abendspaziergang-8-240x300.jpg\",\"orientation\":\"portrait\"},\"large\":{\"height\":1024,\"width\":819,\"url\":\"https:\/\/hurni-gruppe.ch\/wp-content\/uploads\/2025\/09\/Hurni_Abendspaziergang-8-819x1024.jpg\",\"orientation\":\"portrait\"},\"full\":{\"url\":\"https:\/\/hurni-gruppe.ch\/wp-content\/uploads\/2025\/09\/Hurni_Abendspaziergang-8.jpg\",\"height\":1250,\"width\":1000,\"orientation\":\"portrait\"}},\"imageMeta\":{\"aperture\":\"2.8\",\"credit\":\"\",\"camera\":\"ILCE-7SM3\",\"caption\":\"\",\"created_timestamp\":\"1758216014\",\"copyright\":\"\",\"focal_length\":\"24\",\"iso\":\"10000\",\"shutter_speed\":\"0.002\",\"title\":\"\",\"orientation\":\"1\",\"keywords\":[]},\"meta\":false,\"postlink\":\"https:\/\/hurni-gruppe.ch\/?attachment_id=4237\"},{\"id\":4235,\"title\":\"Hurni_Abendspaziergang-7\",\"url\":\"https:\/\/hurni-gruppe.ch\/wp-content\/uploads\/2025\/09\/Hurni_Abendspaziergang-7.jpg\",\"link\":\"https:\/\/hurni-gruppe.ch\/?attachment_id=4235\",\"alt\":\"\",\"description\":\"\",\"caption\":\"\",\"mime\":\"image\/jpeg\",\"type\":\"image\",\"width\":1000,\"height\":1250,\"sizes\":{\"thumbnail\":{\"height\":150,\"width\":150,\"url\":\"https:\/\/hurni-gruppe.ch\/wp-content\/uploads\/2025\/09\/Hurni_Abendspaziergang-7-150x150.jpg\",\"orientation\":\"landscape\"},\"medium\":{\"height\":300,\"width\":240,\"url\":\"https:\/\/hurni-gruppe.ch\/wp-content\/uploads\/2025\/09\/Hurni_Abendspaziergang-7-240x300.jpg\",\"orientation\":\"portrait\"},\"large\":{\"height\":1024,\"width\":819,\"url\":\"https:\/\/hurni-gruppe.ch\/wp-content\/uploads\/2025\/09\/Hurni_Abendspaziergang-7-819x1024.jpg\",\"orientation\":\"portrait\"},\"full\":{\"url\":\"https:\/\/hurni-gruppe.ch\/wp-content\/uploads\/2025\/09\/Hurni_Abendspaziergang-7.jpg\",\"height\":1250,\"width\":1000,\"orientation\":\"portrait\"}},\"imageMeta\":{\"aperture\":\"3.2\",\"credit\":\"\",\"camera\":\"ILCE-7SM3\",\"caption\":\"\",\"created_timestamp\":\"1758215938\",\"copyright\":\"\",\"focal_length\":\"24\",\"iso\":\"3200\",\"shutter_speed\":\"0.0025\",\"title\":\"\",\"orientation\":\"1\",\"keywords\":[]},\"meta\":false,\"postlink\":\"https:\/\/hurni-gruppe.ch\/?attachment_id=4235\"},{\"id\":4233,\"title\":\"Hurni_Abendspaziergang-4\",\"url\":\"https:\/\/hurni-gruppe.ch\/wp-content\/uploads\/2025\/09\/Hurni_Abendspaziergang-4.jpg\",\"link\":\"https:\/\/hurni-gruppe.ch\/?attachment_id=4233\",\"alt\":\"\",\"description\":\"\",\"caption\":\"\",\"mime\":\"image\/jpeg\",\"type\":\"image\",\"width\":1000,\"height\":1250,\"sizes\":{\"thumbnail\":{\"height\":150,\"width\":150,\"url\":\"https:\/\/hurni-gruppe.ch\/wp-content\/uploads\/2025\/09\/Hurni_Abendspaziergang-4-150x150.jpg\",\"orientation\":\"landscape\"},\"medium\":{\"height\":300,\"width\":240,\"url\":\"https:\/\/hurni-gruppe.ch\/wp-content\/uploads\/2025\/09\/Hurni_Abendspaziergang-4-240x300.jpg\",\"orientation\":\"portrait\"},\"large\":{\"height\":1024,\"width\":819,\"url\":\"https:\/\/hurni-gruppe.ch\/wp-content\/uploads\/2025\/09\/Hurni_Abendspaziergang-4-819x1024.jpg\",\"orientation\":\"portrait\"},\"full\":{\"url\":\"https:\/\/hurni-gruppe.ch\/wp-content\/uploads\/2025\/09\/Hurni_Abendspaziergang-4.jpg\",\"height\":1250,\"width\":1000,\"orientation\":\"portrait\"}},\"imageMeta\":{\"aperture\":\"5\",\"credit\":\"\",\"camera\":\"ILCE-7SM3\",\"caption\":\"\",\"created_timestamp\":\"1758214314\",\"copyright\":\"\",\"focal_length\":\"28.9\",\"iso\":\"2500\",\"shutter_speed\":\"0.0025\",\"title\":\"\",\"orientation\":\"1\",\"keywords\":[]},\"meta\":false,\"postlink\":\"https:\/\/hurni-gruppe.ch\/?attachment_id=4233\"},{\"id\":4231,\"title\":\"Hurni_Abendspaziergang-3\",\"url\":\"https:\/\/hurni-gruppe.ch\/wp-content\/uploads\/2025\/09\/Hurni_Abendspaziergang-3.jpg\",\"link\":\"https:\/\/hurni-gruppe.ch\/?attachment_id=4231\",\"alt\":\"\",\"description\":\"\",\"caption\":\"\",\"mime\":\"image\/jpeg\",\"type\":\"image\",\"width\":1000,\"height\":1250,\"sizes\":{\"thumbnail\":{\"height\":150,\"width\":150,\"url\":\"https:\/\/hurni-gruppe.ch\/wp-content\/uploads\/2025\/09\/Hurni_Abendspaziergang-3-150x150.jpg\",\"orientation\":\"landscape\"},\"medium\":{\"height\":300,\"width\":240,\"url\":\"https:\/\/hurni-gruppe.ch\/wp-content\/uploads\/2025\/09\/Hurni_Abendspaziergang-3-240x300.jpg\",\"orientation\":\"portrait\"},\"large\":{\"height\":1024,\"width\":819,\"url\":\"https:\/\/hurni-gruppe.ch\/wp-content\/uploads\/2025\/09\/Hurni_Abendspaziergang-3-819x1024.jpg\",\"orientation\":\"portrait\"},\"full\":{\"url\":\"https:\/\/hurni-gruppe.ch\/wp-content\/uploads\/2025\/09\/Hurni_Abendspaziergang-3.jpg\",\"height\":1250,\"width\":1000,\"orientation\":\"portrait\"}},\"imageMeta\":{\"aperture\":\"3.5\",\"credit\":\"\",\"camera\":\"ILCE-7SM3\",\"caption\":\"\",\"created_timestamp\":\"1758213969\",\"copyright\":\"\",\"focal_length\":\"24\",\"iso\":\"1250\",\"shutter_speed\":\"0.0025\",\"title\":\"\",\"orientation\":\"1\",\"keywords\":[]},\"meta\":false,\"postlink\":\"https:\/\/hurni-gruppe.ch\/?attachment_id=4231\"},{\"id\":4239,\"title\":\"Hurni_Abendspaziergang-18\",\"url\":\"https:\/\/hurni-gruppe.ch\/wp-content\/uploads\/2025\/09\/Hurni_Abendspaziergang-18.jpg\",\"link\":\"https:\/\/hurni-gruppe.ch\/?attachment_id=4239\",\"alt\":\"\",\"description\":\"\",\"caption\":\"\",\"mime\":\"image\/jpeg\",\"type\":\"image\",\"width\":1000,\"height\":1250,\"sizes\":{\"thumbnail\":{\"height\":150,\"width\":150,\"url\":\"https:\/\/hurni-gruppe.ch\/wp-content\/uploads\/2025\/09\/Hurni_Abendspaziergang-18-150x150.jpg\",\"orientation\":\"landscape\"},\"medium\":{\"height\":300,\"width\":240,\"url\":\"https:\/\/hurni-gruppe.ch\/wp-content\/uploads\/2025\/09\/Hurni_Abendspaziergang-18-240x300.jpg\",\"orientation\":\"portrait\"},\"large\":{\"height\":1024,\"width\":819,\"url\":\"https:\/\/hurni-gruppe.ch\/wp-content\/uploads\/2025\/09\/Hurni_Abendspaziergang-18-819x1024.jpg\",\"orientation\":\"portrait\"},\"full\":{\"url\":\"https:\/\/hurni-gruppe.ch\/wp-content\/uploads\/2025\/09\/Hurni_Abendspaziergang-18.jpg\",\"height\":1250,\"width\":1000,\"orientation\":\"portrait\"}},\"imageMeta\":{\"aperture\":\"2.8\",\"credit\":\"\",\"camera\":\"ILCE-7SM3\",\"caption\":\"\",\"created_timestamp\":\"1758217848\",\"copyright\":\"\",\"focal_length\":\"24\",\"iso\":\"6400\",\"shutter_speed\":\"0.0015625\",\"title\":\"\",\"orientation\":\"1\",\"keywords\":[]},\"meta\":false,\"postlink\":\"https:\/\/hurni-gruppe.ch\/?attachment_id=4239\"}],\"itemsMetaDataCollection\":[]}<\/script><script>(function(){if(window.PGC_SGB && window.PGC_SGB.searcher){window.PGC_SGB.searcher.initBlocks()}})()<\/script><\/div>","protected":false},"excerpt":{"rendered":"<p>Extraction de gravier et arch\u00e9ologie \u2013 un aper\u00e7u passionnant sur place Le jeudi 18 septembre 2025, une promenade publique du soir a eu lieu \u00e0&hellip;<\/p>\n","protected":false},"author":3,"featured_media":4230,"comment_status":"closed","ping_status":"open","sticky":false,"template":"","format":"standard","meta":{"inline_featured_image":false,"_uag_custom_page_level_css":"","pgc_sgb_lightbox_settings":"","footnotes":""},"categories":[6],"tags":[],"class_list":["post-4242","post","type-post","status-publish","format-standard","has-post-thumbnail","hentry","category-actuel"],"aioseo_notices":[],"uagb_featured_image_src":{"full":["https:\/\/hurni-gruppe.ch\/wp-content\/uploads\/2025\/09\/header_Abendspatziergang.jpg",2560,853,false],"thumbnail":["https:\/\/hurni-gruppe.ch\/wp-content\/uploads\/2025\/09\/header_Abendspatziergang-150x150.jpg",150,150,true],"medium":["https:\/\/hurni-gruppe.ch\/wp-content\/uploads\/2025\/09\/header_Abendspatziergang-300x100.jpg",300,100,true],"medium_large":["https:\/\/hurni-gruppe.ch\/wp-content\/uploads\/2025\/09\/header_Abendspatziergang-768x256.jpg",768,256,true],"large":["https:\/\/hurni-gruppe.ch\/wp-content\/uploads\/2025\/09\/header_Abendspatziergang-1024x341.jpg",843,281,true],"1536x1536":["https:\/\/hurni-gruppe.ch\/wp-content\/uploads\/2025\/09\/header_Abendspatziergang-1536x512.jpg",1536,512,true],"2048x2048":["https:\/\/hurni-gruppe.ch\/wp-content\/uploads\/2025\/09\/header_Abendspatziergang-2048x682.jpg",2048,682,true]},"uagb_author_info":{"display_name":"gebel","author_link":"https:\/\/hurni-gruppe.ch\/fr\/author\/gebel\/"},"uagb_comment_info":0,"uagb_excerpt":"Extraction de gravier et arch\u00e9ologie \u2013 un aper\u00e7u passionnant sur place Le jeudi 18 septembre 2025, une promenade publique du soir a eu lieu \u00e0&hellip;","_links":{"self":[{"href":"https:\/\/hurni-gruppe.ch\/fr\/wp-json\/wp\/v2\/posts\/4242","targetHints":{"allow":["GET"]}}],"collection":[{"href":"https:\/\/hurni-gruppe.ch\/fr\/wp-json\/wp\/v2\/posts"}],"about":[{"href":"https:\/\/hurni-gruppe.ch\/fr\/wp-json\/wp\/v2\/types\/post"}],"author":[{"embeddable":true,"href":"https:\/\/hurni-gruppe.ch\/fr\/wp-json\/wp\/v2\/users\/3"}],"replies":[{"embeddable":true,"href":"https:\/\/hurni-gruppe.ch\/fr\/wp-json\/wp\/v2\/comments?post=4242"}],"version-history":[{"count":1,"href":"https:\/\/hurni-gruppe.ch\/fr\/wp-json\/wp\/v2\/posts\/4242\/revisions"}],"predecessor-version":[{"id":4243,"href":"https:\/\/hurni-gruppe.ch\/fr\/wp-json\/wp\/v2\/posts\/4242\/revisions\/4243"}],"wp:featuredmedia":[{"embeddable":true,"href":"https:\/\/hurni-gruppe.ch\/fr\/wp-json\/wp\/v2\/media\/4230"}],"wp:attachment":[{"href":"https:\/\/hurni-gruppe.ch\/fr\/wp-json\/wp\/v2\/media?parent=4242"}],"wp:term":[{"taxonomy":"category","embeddable":true,"href":"https:\/\/hurni-gruppe.ch\/fr\/wp-json\/wp\/v2\/categories?post=4242"},{"taxonomy":"post_tag","embeddable":true,"href":"https:\/\/hurni-gruppe.ch\/fr\/wp-json\/wp\/v2\/tags?post=4242"}],"curies":[{"name":"wp","href":"https:\/\/api.w.org\/{rel}","templated":true}]}}